{"id":5758,"date":"2025-10-21T10:51:30","date_gmt":"2025-10-21T08:51:30","guid":{"rendered":"https:\/\/kisuihair.com\/?p=5758"},"modified":"2025-10-21T14:38:16","modified_gmt":"2025-10-21T12:38:16","slug":"caida-del-cabello-causas-y-soluciones","status":"publish","type":"post","link":"https:\/\/kisuihair.com\/es\/caida-del-cabello-causas-y-soluciones\/","title":{"rendered":"Ca\u00edda del cabello: causas y soluciones"},"content":{"rendered":"\t\t<div data-elementor-type=\"wp-post\" data-elementor-id=\"5758\" class=\"elementor elementor-5758\" data-elementor-post-type=\"post\">\n\t\t\t\t\t\t<section class=\"elementor-section elementor-top-section elementor-element elementor-element-a2b40aa elementor-section-boxed elementor-section-height-default elementor-section-height-default\" data-id=\"a2b40aa\" data-element_type=\"section\" data-e-type=\"section\">\n\t\t\t\t\t\t<div class=\"elementor-container elementor-column-gap-default\">\n\t\t\t\t\t<div class=\"elementor-column elementor-col-100 elementor-top-column elementor-element elementor-element-0a2bc31\" data-id=\"0a2bc31\" data-element_type=\"column\" data-e-type=\"column\">\n\t\t\t<div class=\"elementor-widget-wrap elementor-element-populated\">\n\t\t\t\t\t\t<div class=\"elementor-element elementor-element-55ba3da elementor-widget elementor-widget-heading\" data-id=\"55ba3da\" data-element_type=\"widget\" data-e-type=\"widget\" data-widget_type=\"heading.default\">\n\t\t\t\t<div class=\"elementor-widget-container\">\n\t\t\t\t\t<h1 class=\"elementor-heading-title elementor-size-default\">CA\u00cdDA DEL CABELLO: CAUSAS M\u00c1S COMUNES Y SOLUCIONES REALES QUE FUNCIONAN<\/h1>\t\t\t\t<\/div>\n\t\t\t\t<\/div>\n\t\t\t\t<div class=\"elementor-element elementor-element-96eceb9 elementor-widget elementor-widget-text-editor\" data-id=\"96eceb9\" data-element_type=\"widget\" data-e-type=\"widget\" data-widget_type=\"text-editor.default\">\n\t\t\t\t<div class=\"elementor-widget-container\">\n\t\t\t\t\t\t\t\t\t<p>No es una \u00e9poca f\u00e1cil para tu pelo. A\u00fan se est\u00e1 recuperando del \u2018maltrato\u2019 al que lo has sometido en verano (tanto cloro, salitre y sol es un premio para ti, pero un castigo para \u00e9l) y ahora llega el oto\u00f1o y la <strong>ca\u00edda del cabello<\/strong> estacional se hace sentir con fuerza. Lo notas en el cepillo cada ma\u00f1ana, en la almohada y en la ducha \ud83d\ude29<\/p>\n<p>Es frustrante y <strong>una de las preocupaciones capilares m\u00e1s comunes<\/strong>, sobre todo entre mujeres de 35 a 55 a\u00f1os. Pero la buena noticia es que se le puede poner freno y el primer paso para ello es entender qu\u00e9 provoca esta ca\u00edda.<\/p>\n<p>Te contamos cu\u00e1les son las <strong>causas m\u00e1s frecuentes de la ca\u00edda del cabello<\/strong> y, lo que m\u00e1s te interesa, qu\u00e9 soluciones existen para cuidarlo de forma eficaz y respetando su fisonom\u00eda. Y \u00a0con estilazo, eso tambi\u00e9n \ud83d\ude0e<\/p>\n\t\t\t\t\t\t\t\t<\/div>\n\t\t\t\t<\/div>\n\t\t\t\t<section class=\"elementor-section elementor-inner-section elementor-element elementor-element-37e5fac elementor-section-content-middle elementor-section-boxed elementor-section-height-default elementor-section-height-default\" data-id=\"37e5fac\" data-element_type=\"section\" data-e-type=\"section\">\n\t\t\t\t\t\t<div class=\"elementor-container elementor-column-gap-default\">\n\t\t\t\t\t<div class=\"elementor-column elementor-col-50 elementor-inner-column elementor-element elementor-element-f08738b\" data-id=\"f08738b\" data-element_type=\"column\" data-e-type=\"column\">\n\t\t\t<div class=\"elementor-widget-wrap elementor-element-populated\">\n\t\t\t\t\t\t<div class=\"elementor-element elementor-element-ef137ee elementor-widget elementor-widget-heading\" data-id=\"ef137ee\" data-element_type=\"widget\" data-e-type=\"widget\" data-widget_type=\"heading.default\">\n\t\t\t\t<div class=\"elementor-widget-container\">\n\t\t\t\t\t<h2 class=\"elementor-heading-title elementor-size-default\">\u00bfQU\u00c9 SE CONSIDERA UNA CA\u00cdDA DEL CABELLO NORMAL?<\/h2>\t\t\t\t<\/div>\n\t\t\t\t<\/div>\n\t\t\t\t<div class=\"elementor-element elementor-element-19df199 elementor-widget elementor-widget-text-editor\" data-id=\"19df199\" data-element_type=\"widget\" data-e-type=\"widget\" data-widget_type=\"text-editor.default\">\n\t\t\t\t<div class=\"elementor-widget-container\">\n\t\t\t\t\t\t\t\t\t<p>Si pierdes <strong>entre 50 y 100 cabellos al d\u00eda<\/strong>, tranquila, es completamente natural. Forma parte del ciclo de renovaci\u00f3n capilar. Ya sabemos que no vas a contar cada pelo que se te cae \u00a1ser\u00eda imposible!<\/p>\n<p>Pero ten en cuenta que no debes preocuparte hasta que percibas que la cantidad de cabello que pierdes es muy superior a la habitual.<\/p>\n\t\t\t\t\t\t\t\t<\/div>\n\t\t\t\t<\/div>\n\t\t\t\t<div class=\"elementor-element elementor-element-7b3ec98 elementor-widget elementor-widget-heading\" data-id=\"7b3ec98\" data-element_type=\"widget\" data-e-type=\"widget\" data-widget_type=\"heading.default\">\n\t\t\t\t<div class=\"elementor-widget-container\">\n\t\t\t\t\t<h2 class=\"elementor-heading-title elementor-size-default\">PRINCIPALES CAUSAS DE LA CA\u00cdDA DEL CABELLO<\/h2>\t\t\t\t<\/div>\n\t\t\t\t<\/div>\n\t\t\t\t<div class=\"elementor-element elementor-element-0ffbeeb elementor-widget elementor-widget-text-editor\" data-id=\"0ffbeeb\" data-element_type=\"widget\" data-e-type=\"widget\" data-widget_type=\"text-editor.default\">\n\t\t\t\t<div class=\"elementor-widget-container\">\n\t\t\t\t\t\t\t\t\t<p>La ca\u00edda del cabello puede tener <strong>m\u00faltiples causas<\/strong>. A continuaci\u00f3n te explicamos las m\u00e1s comunes, junto con las claves para identificarlas:<\/p>\n\t\t\t\t\t\t\t\t<\/div>\n\t\t\t\t<\/div>\n\t\t\t\t\t<\/div>\n\t\t<\/div>\n\t\t\t\t<div class=\"elementor-column elementor-col-50 elementor-inner-column elementor-element elementor-element-95486f0\" data-id=\"95486f0\" data-element_type=\"column\" data-e-type=\"column\">\n\t\t\t<div class=\"elementor-widget-wrap elementor-element-populated\">\n\t\t\t\t\t\t<div class=\"elementor-element elementor-element-feaaca7 elementor-widget__width-initial elementor-widget elementor-widget-image\" data-id=\"feaaca7\" data-element_type=\"widget\" data-e-type=\"widget\" data-widget_type=\"image.default\">\n\t\t\t\t<div class=\"elementor-widget-container\">\n\t\t\t\t\t\t\t\t\t\t\t\t\t\t\t<img fetchpriority=\"high\" decoding=\"async\" width=\"800\" height=\"800\" src=\"https:\/\/kisuihair.com\/wp-content\/uploads\/2025\/05\/kisui_caida-cabello_1-1.webp\" class=\"attachment-full size-full wp-image-11303\" alt=\"kisui_caida cabello_1\" srcset=\"https:\/\/kisuihair.com\/wp-content\/uploads\/2025\/05\/kisui_caida-cabello_1-1.webp 800w, https:\/\/kisuihair.com\/wp-content\/uploads\/2025\/05\/kisui_caida-cabello_1-1-300x300.webp 300w, https:\/\/kisuihair.com\/wp-content\/uploads\/2025\/05\/kisui_caida-cabello_1-1-150x150.webp 150w, https:\/\/kisuihair.com\/wp-content\/uploads\/2025\/05\/kisui_caida-cabello_1-1-768x768.webp 768w, https:\/\/kisuihair.com\/wp-content\/uploads\/2025\/05\/kisui_caida-cabello_1-1-600x600.webp 600w, https:\/\/kisuihair.com\/wp-content\/uploads\/2025\/05\/kisui_caida-cabello_1-1-100x100.webp 100w, https:\/\/kisuihair.com\/wp-content\/uploads\/2025\/05\/kisui_caida-cabello_1-1-50x50.webp 50w\" sizes=\"(max-width: 800px) 100vw, 800px\" \/>\t\t\t\t\t\t\t\t\t\t\t\t\t\t\t<\/div>\n\t\t\t\t<\/div>\n\t\t\t\t\t<\/div>\n\t\t<\/div>\n\t\t\t\t\t<\/div>\n\t\t<\/section>\n\t\t\t\t\t<\/div>\n\t\t<\/div>\n\t\t\t\t\t<\/div>\n\t\t<\/section>\n\t\t\t\t<section class=\"elementor-section elementor-top-section elementor-element elementor-element-ed37b9a elementor-section-boxed elementor-section-height-default elementor-section-height-default\" data-id=\"ed37b9a\" data-element_type=\"section\" data-e-type=\"section\">\n\t\t\t\t\t\t<div class=\"elementor-container elementor-column-gap-default\">\n\t\t\t\t\t<div class=\"elementor-column elementor-col-100 elementor-top-column elementor-element elementor-element-a593c24\" data-id=\"a593c24\" data-element_type=\"column\" data-e-type=\"column\">\n\t\t\t<div class=\"elementor-widget-wrap elementor-element-populated\">\n\t\t\t\t\t\t<div class=\"elementor-element elementor-element-6412262 elementor-list-item-link-full_width elementor-widget elementor-widget-icon-list\" data-id=\"6412262\" data-element_type=\"widget\" data-e-type=\"widget\" data-widget_type=\"icon-list.default\">\n\t\t\t\t<div class=\"elementor-widget-container\">\n\t\t\t\t\t\t\t<ul class=\"elementor-icon-list-items\">\n\t\t\t\t\t\t\t<li class=\"elementor-icon-list-item\">\n\t\t\t\t\t\t\t\t\t\t\t<span class=\"elementor-icon-list-icon\">\n\t\t\t\t\t\t\t<i aria-hidden=\"true\" class=\"fas fa-circle\"><\/i>\t\t\t\t\t\t<\/span>\n\t\t\t\t\t\t\t\t\t\t<span class=\"elementor-icon-list-text\">CAMBIOS HORMONALES - menopausia, postparto o trastornos como el s\u00edndrome de ovario poliqu\u00edstico <\/span>\n\t\t\t\t\t\t\t\t\t<\/li>\n\t\t\t\t\t\t\t\t<li class=\"elementor-icon-list-item\">\n\t\t\t\t\t\t\t\t\t\t\t<span class=\"elementor-icon-list-icon\">\n\t\t\t\t\t\t\t<i aria-hidden=\"true\" class=\"fas fa-circle\"><\/i>\t\t\t\t\t\t<\/span>\n\t\t\t\t\t\t\t\t\t\t<span class=\"elementor-icon-list-text\">ESTR\u00c9S Y ANSIEDAD - El estr\u00e9s sostenido en el tiempo puede causar efluvio tel\u00f3geno, una ca\u00edda temporal pero intensa.<\/span>\n\t\t\t\t\t\t\t\t\t<\/li>\n\t\t\t\t\t\t\t\t<li class=\"elementor-icon-list-item\">\n\t\t\t\t\t\t\t\t\t\t\t<span class=\"elementor-icon-list-icon\">\n\t\t\t\t\t\t\t<i aria-hidden=\"true\" class=\"fas fa-circle\"><\/i>\t\t\t\t\t\t<\/span>\n\t\t\t\t\t\t\t\t\t\t<span class=\"elementor-icon-list-text\">ALIMENTACI\u00d3N DESEQUILIBRADA - Si tu dieta es restrictiva o mon\u00f3tona, tu cabello puede resentirse.<\/span>\n\t\t\t\t\t\t\t\t\t<\/li>\n\t\t\t\t\t\t\t\t<li class=\"elementor-icon-list-item\">\n\t\t\t\t\t\t\t\t\t\t\t<span class=\"elementor-icon-list-icon\">\n\t\t\t\t\t\t\t<i aria-hidden=\"true\" class=\"fas fa-circle\"><\/i>\t\t\t\t\t\t<\/span>\n\t\t\t\t\t\t\t\t\t\t<span class=\"elementor-icon-list-text\">FACTORES ESTACIONALES - Durante el oto\u00f1o y la primavera es habitual notar una ca\u00edda mayor.<\/span>\n\t\t\t\t\t\t\t\t\t<\/li>\n\t\t\t\t\t\t\t\t<li class=\"elementor-icon-list-item\">\n\t\t\t\t\t\t\t\t\t\t\t<span class=\"elementor-icon-list-icon\">\n\t\t\t\t\t\t\t<i aria-hidden=\"true\" class=\"fas fa-circle\"><\/i>\t\t\t\t\t\t<\/span>\n\t\t\t\t\t\t\t\t\t\t<span class=\"elementor-icon-list-text\">USO EXCESIVO DE HERRAMIENTAS T\u00c9RMICAS Y PRODUCTOS AGRESIVOS - El abuso de planchas, secadores o tratamientos con qu\u00edmicos puede debilitar el tallo capilar.<\/span>\n\t\t\t\t\t\t\t\t\t<\/li>\n\t\t\t\t\t\t<\/ul>\n\t\t\t\t\t\t<\/div>\n\t\t\t\t<\/div>\n\t\t\t\t\t<\/div>\n\t\t<\/div>\n\t\t\t\t\t<\/div>\n\t\t<\/section>\n\t\t\t\t<section class=\"elementor-section elementor-top-section elementor-element elementor-element-b07bae3 elementor-section-boxed elementor-section-height-default elementor-section-height-default\" data-id=\"b07bae3\" data-element_type=\"section\" data-e-type=\"section\">\n\t\t\t\t\t\t<div class=\"elementor-container elementor-column-gap-default\">\n\t\t\t\t\t<div class=\"elementor-column elementor-col-100 elementor-top-column elementor-element elementor-element-105769b\" data-id=\"105769b\" data-element_type=\"column\" data-e-type=\"column\">\n\t\t\t<div class=\"elementor-widget-wrap elementor-element-populated\">\n\t\t\t\t\t\t<div class=\"elementor-element elementor-element-422373e elementor-widget elementor-widget-heading\" data-id=\"422373e\" data-element_type=\"widget\" data-e-type=\"widget\" data-widget_type=\"heading.default\">\n\t\t\t\t<div class=\"elementor-widget-container\">\n\t\t\t\t\t<h2 class=\"elementor-heading-title elementor-size-default\">SOLUCIONES EFICACES PARA FRENAR LA CA\u00cdDA DEL CABELLO <\/h2>\t\t\t\t<\/div>\n\t\t\t\t<\/div>\n\t\t\t\t\t<\/div>\n\t\t<\/div>\n\t\t\t\t\t<\/div>\n\t\t<\/section>\n\t\t\t\t<section class=\"elementor-section elementor-top-section elementor-element elementor-element-7c4b8fc elementor-section-boxed elementor-section-height-default elementor-section-height-default\" data-id=\"7c4b8fc\" data-element_type=\"section\" data-e-type=\"section\">\n\t\t\t\t\t\t<div class=\"elementor-container elementor-column-gap-default\">\n\t\t\t\t\t<div class=\"elementor-column elementor-col-100 elementor-top-column elementor-element elementor-element-29689f3\" data-id=\"29689f3\" data-element_type=\"column\" data-e-type=\"column\">\n\t\t\t<div class=\"elementor-widget-wrap elementor-element-populated\">\n\t\t\t\t\t\t<div class=\"elementor-element elementor-element-bbbb898 elementor-widget elementor-widget-text-editor\" data-id=\"bbbb898\" data-element_type=\"widget\" data-e-type=\"widget\" data-widget_type=\"text-editor.default\">\n\t\t\t\t<div class=\"elementor-widget-container\">\n\t\t\t\t\t\t\t\t\t<p><span style=\"font-weight: 400;\">La buena noticia es que existen <strong>rutinas capilares eficaces y sostenibles<\/strong> para combatir la ca\u00edda, mejorar la salud del cuero cabelludo y estimular el crecimiento. Anota estos tips:<\/span><\/p>\n\t\t\t\t\t\t\t\t<\/div>\n\t\t\t\t<\/div>\n\t\t\t\t\t<\/div>\n\t\t<\/div>\n\t\t\t\t\t<\/div>\n\t\t<\/section>\n\t\t\t\t<section class=\"elementor-section elementor-top-section elementor-element elementor-element-9b15ec6 elementor-section-boxed elementor-section-height-default elementor-section-height-default\" data-id=\"9b15ec6\" data-element_type=\"section\" data-e-type=\"section\">\n\t\t\t\t\t\t<div class=\"elementor-container elementor-column-gap-default\">\n\t\t\t\t\t<div class=\"elementor-column elementor-col-100 elementor-top-column elementor-element elementor-element-3c00344\" data-id=\"3c00344\" data-element_type=\"column\" data-e-type=\"column\">\n\t\t\t<div class=\"elementor-widget-wrap elementor-element-populated\">\n\t\t\t\t\t\t<div class=\"elementor-element elementor-element-b78ca56 elementor-widget elementor-widget-heading\" data-id=\"b78ca56\" data-element_type=\"widget\" data-e-type=\"widget\" data-widget_type=\"heading.default\">\n\t\t\t\t<div class=\"elementor-widget-container\">\n\t\t\t\t\t<h3 class=\"elementor-heading-title elementor-size-default\">1. Escoge productos con f\u00f3rmulas activas y limpias<\/h3>\t\t\t\t<\/div>\n\t\t\t\t<\/div>\n\t\t\t\t\t<\/div>\n\t\t<\/div>\n\t\t\t\t\t<\/div>\n\t\t<\/section>\n\t\t\t\t<section class=\"elementor-section elementor-top-section elementor-element elementor-element-ac2b561 elementor-section-boxed elementor-section-height-default elementor-section-height-default\" data-id=\"ac2b561\" data-element_type=\"section\" data-e-type=\"section\">\n\t\t\t\t\t\t<div class=\"elementor-container elementor-column-gap-default\">\n\t\t\t\t\t<div class=\"elementor-column elementor-col-100 elementor-top-column elementor-element elementor-element-df826e1\" data-id=\"df826e1\" data-element_type=\"column\" data-e-type=\"column\">\n\t\t\t<div class=\"elementor-widget-wrap elementor-element-populated\">\n\t\t\t\t\t\t<div class=\"elementor-element elementor-element-39b3896 elementor-widget elementor-widget-text-editor\" data-id=\"39b3896\" data-element_type=\"widget\" data-e-type=\"widget\" data-widget_type=\"text-editor.default\">\n\t\t\t\t<div class=\"elementor-widget-container\">\n\t\t\t\t\t\t\t\t\t<p>Opta por tratamientos profesionales con activos como:<\/p>\n<p>\u2022 P\u00e9ptidos vegetales, para reestructurar la fibra capilar<\/p>\n<p>\u2022 Extractos bot\u00e1nicos como romero o ortiga, que revitalizan sin irritar<\/p>\n<p>[Los producto de Ki.Sui est\u00e1n formulados sin sulfatos, siliconas ni ingredientes innecesarios. As\u00ed te evitas picores o reacciones y de forma sostenible, adem\u00e1s \ud83c\udf0d]<\/p>\n\t\t\t\t\t\t\t\t<\/div>\n\t\t\t\t<\/div>\n\t\t\t\t\t<\/div>\n\t\t<\/div>\n\t\t\t\t\t<\/div>\n\t\t<\/section>\n\t\t\t\t<section class=\"elementor-section elementor-top-section elementor-element elementor-element-f2e9eb3 elementor-section-boxed elementor-section-height-default elementor-section-height-default\" data-id=\"f2e9eb3\" data-element_type=\"section\" data-e-type=\"section\">\n\t\t\t\t\t\t<div class=\"elementor-container elementor-column-gap-default\">\n\t\t\t\t\t<div class=\"elementor-column elementor-col-100 elementor-top-column elementor-element elementor-element-90a8c69\" data-id=\"90a8c69\" data-element_type=\"column\" data-e-type=\"column\">\n\t\t\t<div class=\"elementor-widget-wrap elementor-element-populated\">\n\t\t\t\t\t\t<div class=\"elementor-element elementor-element-fe1dfeb elementor-widget elementor-widget-heading\" data-id=\"fe1dfeb\" data-element_type=\"widget\" data-e-type=\"widget\" data-widget_type=\"heading.default\">\n\t\t\t\t<div class=\"elementor-widget-container\">\n\t\t\t\t\t<h3 class=\"elementor-heading-title elementor-size-default\">2. Masajea el cuero cabelludo<\/h3>\t\t\t\t<\/div>\n\t\t\t\t<\/div>\n\t\t\t\t\t<\/div>\n\t\t<\/div>\n\t\t\t\t\t<\/div>\n\t\t<\/section>\n\t\t\t\t<section class=\"elementor-section elementor-top-section elementor-element elementor-element-bd4d926 elementor-section-boxed elementor-section-height-default elementor-section-height-default\" data-id=\"bd4d926\" data-element_type=\"section\" data-e-type=\"section\">\n\t\t\t\t\t\t<div class=\"elementor-container elementor-column-gap-default\">\n\t\t\t\t\t<div class=\"elementor-column elementor-col-100 elementor-top-column elementor-element elementor-element-149aa0a\" data-id=\"149aa0a\" data-element_type=\"column\" data-e-type=\"column\">\n\t\t\t<div class=\"elementor-widget-wrap elementor-element-populated\">\n\t\t\t\t\t\t<div class=\"elementor-element elementor-element-e9c56e4 elementor-widget elementor-widget-text-editor\" data-id=\"e9c56e4\" data-element_type=\"widget\" data-e-type=\"widget\" data-widget_type=\"text-editor.default\">\n\t\t\t\t<div class=\"elementor-widget-container\">\n\t\t\t\t\t\t\t\t\t<p>Dedica\u00a0<strong>2-3 minutos al d\u00eda<\/strong> a masajear el cuero cabelludo, con suavidad y utilizando las yemas de los dedos, o con un cepillo espec\u00edfico. Este gesto:<\/p>\n<p>\u2022 Activa la circulaci\u00f3n sangu\u00ednea<\/p>\n<p>\u2022 Favorece la absorci\u00f3n de tratamientos<\/p>\n<p>\u2022 Relaja y reduce el estr\u00e9s acumulado<\/p>\n<p>&nbsp;<\/p>\n<p>Y un masaje nunca sobra \u00bfVerdad?<\/p>\n\t\t\t\t\t\t\t\t<\/div>\n\t\t\t\t<\/div>\n\t\t\t\t\t<\/div>\n\t\t<\/div>\n\t\t\t\t\t<\/div>\n\t\t<\/section>\n\t\t\t\t<section class=\"elementor-section elementor-top-section elementor-element elementor-element-6a08cfd elementor-section-content-middle elementor-section-boxed elementor-section-height-default elementor-section-height-default\" data-id=\"6a08cfd\" data-element_type=\"section\" data-e-type=\"section\">\n\t\t\t\t\t\t<div class=\"elementor-container elementor-column-gap-default\">\n\t\t\t\t\t<div class=\"elementor-column elementor-col-50 elementor-top-column elementor-element elementor-element-d9c0a8c\" data-id=\"d9c0a8c\" data-element_type=\"column\" data-e-type=\"column\">\n\t\t\t<div class=\"elementor-widget-wrap elementor-element-populated\">\n\t\t\t\t\t\t<div class=\"elementor-element elementor-element-99e9185 elementor-widget elementor-widget-heading\" data-id=\"99e9185\" data-element_type=\"widget\" data-e-type=\"widget\" data-widget_type=\"heading.default\">\n\t\t\t\t<div class=\"elementor-widget-container\">\n\t\t\t\t\t<h3 class=\"elementor-heading-title elementor-size-default\">3. Incorpora suplementos si lo necesitas<\/h3>\t\t\t\t<\/div>\n\t\t\t\t<\/div>\n\t\t\t\t<div class=\"elementor-element elementor-element-7cac614 elementor-widget elementor-widget-text-editor\" data-id=\"7cac614\" data-element_type=\"widget\" data-e-type=\"widget\" data-widget_type=\"text-editor.default\">\n\t\t\t\t<div class=\"elementor-widget-container\">\n\t\t\t\t\t\t\t\t\t<p><span style=\"font-weight: 400;\">En \u00e9pocas de ca\u00edda m\u00e1s intensa, un complemento nutricional espec\u00edfico puede marcar la diferencia. Busca opciones con zinc, hierro, vitaminas del grupo B y col\u00e1geno marino.<\/span><\/p>\n\t\t\t\t\t\t\t\t<\/div>\n\t\t\t\t<\/div>\n\t\t\t\t<div class=\"elementor-element elementor-element-8083721 elementor-widget elementor-widget-heading\" data-id=\"8083721\" data-element_type=\"widget\" data-e-type=\"widget\" data-widget_type=\"heading.default\">\n\t\t\t\t<div class=\"elementor-widget-container\">\n\t\t\t\t\t<h3 class=\"elementor-heading-title elementor-size-default\">4. Reduce el uso de calor y protege tu melena<\/h3>\t\t\t\t<\/div>\n\t\t\t\t<\/div>\n\t\t\t\t<div class=\"elementor-element elementor-element-5d24d2d elementor-widget elementor-widget-text-editor\" data-id=\"5d24d2d\" data-element_type=\"widget\" data-e-type=\"widget\" data-widget_type=\"text-editor.default\">\n\t\t\t\t<div class=\"elementor-widget-container\">\n\t\t\t\t\t\t\t\t\t<p>Ojo con la plancha y otras herramientas t\u00e9rmicas, \u00fasalas con moderaci\u00f3n y <strong>siempre con protector t\u00e9rmico<\/strong>. Tambi\u00e9n te recomendamos utilizar cepillos de p\u00faas suaves y evitar peinados muy tensos.<\/p>\n\t\t\t\t\t\t\t\t<\/div>\n\t\t\t\t<\/div>\n\t\t\t\t\t<\/div>\n\t\t<\/div>\n\t\t\t\t<div class=\"elementor-column elementor-col-50 elementor-top-column elementor-element elementor-element-9e77479\" data-id=\"9e77479\" data-element_type=\"column\" data-e-type=\"column\">\n\t\t\t<div class=\"elementor-widget-wrap elementor-element-populated\">\n\t\t\t\t\t\t<div class=\"elementor-element elementor-element-1929f09 elementor-widget elementor-widget-image\" data-id=\"1929f09\" data-element_type=\"widget\" data-e-type=\"widget\" data-widget_type=\"image.default\">\n\t\t\t\t<div class=\"elementor-widget-container\">\n\t\t\t\t\t\t\t\t\t\t\t\t\t\t\t<img decoding=\"async\" width=\"800\" height=\"800\" src=\"https:\/\/kisuihair.com\/wp-content\/uploads\/2025\/05\/kisui_caida-cabello_2.webp\" class=\"attachment-large size-large wp-image-11339\" alt=\"\" srcset=\"https:\/\/kisuihair.com\/wp-content\/uploads\/2025\/05\/kisui_caida-cabello_2.webp 800w, https:\/\/kisuihair.com\/wp-content\/uploads\/2025\/05\/kisui_caida-cabello_2-300x300.webp 300w, https:\/\/kisuihair.com\/wp-content\/uploads\/2025\/05\/kisui_caida-cabello_2-150x150.webp 150w, https:\/\/kisuihair.com\/wp-content\/uploads\/2025\/05\/kisui_caida-cabello_2-768x768.webp 768w, https:\/\/kisuihair.com\/wp-content\/uploads\/2025\/05\/kisui_caida-cabello_2-600x600.webp 600w, https:\/\/kisuihair.com\/wp-content\/uploads\/2025\/05\/kisui_caida-cabello_2-100x100.webp 100w, https:\/\/kisuihair.com\/wp-content\/uploads\/2025\/05\/kisui_caida-cabello_2-50x50.webp 50w\" sizes=\"(max-width: 800px) 100vw, 800px\" \/>\t\t\t\t\t\t\t\t\t\t\t\t\t\t\t<\/div>\n\t\t\t\t<\/div>\n\t\t\t\t\t<\/div>\n\t\t<\/div>\n\t\t\t\t\t<\/div>\n\t\t<\/section>\n\t\t\t\t<section class=\"elementor-section elementor-top-section elementor-element elementor-element-74f6792 elementor-section-boxed elementor-section-height-default elementor-section-height-default\" data-id=\"74f6792\" data-element_type=\"section\" data-e-type=\"section\">\n\t\t\t\t\t\t<div class=\"elementor-container elementor-column-gap-default\">\n\t\t\t\t\t<div class=\"elementor-column elementor-col-100 elementor-top-column elementor-element elementor-element-f4b19b2\" data-id=\"f4b19b2\" data-element_type=\"column\" data-e-type=\"column\">\n\t\t\t<div class=\"elementor-widget-wrap elementor-element-populated\">\n\t\t\t\t\t\t<div class=\"elementor-element elementor-element-3895681 elementor-widget elementor-widget-heading\" data-id=\"3895681\" data-element_type=\"widget\" data-e-type=\"widget\" data-widget_type=\"heading.default\">\n\t\t\t\t<div class=\"elementor-widget-container\">\n\t\t\t\t\t<h3 class=\"elementor-heading-title elementor-size-default\">5. Cuida tu bienestar emocional<\/h3>\t\t\t\t<\/div>\n\t\t\t\t<\/div>\n\t\t\t\t\t<\/div>\n\t\t<\/div>\n\t\t\t\t\t<\/div>\n\t\t<\/section>\n\t\t\t\t<section class=\"elementor-section elementor-top-section elementor-element elementor-element-136eb09 elementor-section-boxed elementor-section-height-default elementor-section-height-default\" data-id=\"136eb09\" data-element_type=\"section\" data-e-type=\"section\">\n\t\t\t\t\t\t<div class=\"elementor-container elementor-column-gap-default\">\n\t\t\t\t\t<div class=\"elementor-column elementor-col-100 elementor-top-column elementor-element elementor-element-d12b920\" data-id=\"d12b920\" data-element_type=\"column\" data-e-type=\"column\">\n\t\t\t<div class=\"elementor-widget-wrap elementor-element-populated\">\n\t\t\t\t\t\t<div class=\"elementor-element elementor-element-bf720ee elementor-widget elementor-widget-text-editor\" data-id=\"bf720ee\" data-element_type=\"widget\" data-e-type=\"widget\" data-widget_type=\"text-editor.default\">\n\t\t\t\t<div class=\"elementor-widget-container\">\n\t\t\t\t\t\t\t\t\t<p><strong>La conexi\u00f3n entre mente y cuerpo es real<\/strong>. Practicar yoga, meditaci\u00f3n o simplemente caminar al aire libre puede ayudarte a reducir el estr\u00e9s, y tu pelo lo nota.<\/p>\n\t\t\t\t\t\t\t\t<\/div>\n\t\t\t\t<\/div>\n\t\t\t\t\t<\/div>\n\t\t<\/div>\n\t\t\t\t\t<\/div>\n\t\t<\/section>\n\t\t\t\t<section class=\"elementor-section elementor-top-section elementor-element elementor-element-4955f38 elementor-section-boxed elementor-section-height-default elementor-section-height-default\" data-id=\"4955f38\" data-element_type=\"section\" data-e-type=\"section\" data-settings=\"{&quot;background_background&quot;:&quot;classic&quot;}\">\n\t\t\t\t\t\t<div class=\"elementor-container elementor-column-gap-default\">\n\t\t\t\t\t<div class=\"elementor-column elementor-col-100 elementor-top-column elementor-element elementor-element-b284475\" data-id=\"b284475\" data-element_type=\"column\" data-e-type=\"column\">\n\t\t\t<div class=\"elementor-widget-wrap elementor-element-populated\">\n\t\t\t\t\t\t<section class=\"elementor-section elementor-inner-section elementor-element elementor-element-3de1c2c elementor-section-boxed elementor-section-height-default elementor-section-height-default\" data-id=\"3de1c2c\" data-element_type=\"section\" data-e-type=\"section\">\n\t\t\t\t\t\t<div class=\"elementor-container elementor-column-gap-default\">\n\t\t\t\t\t<div class=\"elementor-column elementor-col-50 elementor-inner-column elementor-element elementor-element-26d2b0d\" data-id=\"26d2b0d\" data-element_type=\"column\" data-e-type=\"column\">\n\t\t\t<div class=\"elementor-widget-wrap elementor-element-populated\">\n\t\t\t\t\t\t<div class=\"elementor-element elementor-element-1cefac4 elementor-widget elementor-widget-image\" data-id=\"1cefac4\" data-element_type=\"widget\" data-e-type=\"widget\" data-widget_type=\"image.default\">\n\t\t\t\t<div class=\"elementor-widget-container\">\n\t\t\t\t\t\t\t\t\t\t\t\t\t\t\t<img decoding=\"async\" width=\"768\" height=\"828\" src=\"https:\/\/kisuihair.com\/wp-content\/uploads\/2024\/03\/Styling_10_KiSui-768x828.jpg\" class=\"attachment-medium_large size-medium_large wp-image-4683\" alt=\"Persona de espaldas con el cabello lacio peinado en una coleta baja sujeta con ligas rojas y narajas\" srcset=\"https:\/\/kisuihair.com\/wp-content\/uploads\/2024\/03\/Styling_10_KiSui-768x828.jpg 768w, https:\/\/kisuihair.com\/wp-content\/uploads\/2024\/03\/Styling_10_KiSui-278x300.jpg 278w, https:\/\/kisuihair.com\/wp-content\/uploads\/2024\/03\/Styling_10_KiSui-949x1024.jpg 949w, https:\/\/kisuihair.com\/wp-content\/uploads\/2024\/03\/Styling_10_KiSui-600x647.jpg 600w, https:\/\/kisuihair.com\/wp-content\/uploads\/2024\/03\/Styling_10_KiSui.jpg 1080w\" sizes=\"(max-width: 768px) 100vw, 768px\" \/>\t\t\t\t\t\t\t\t\t\t\t\t\t\t\t<\/div>\n\t\t\t\t<\/div>\n\t\t\t\t\t<\/div>\n\t\t<\/div>\n\t\t\t\t<div class=\"elementor-column elementor-col-50 elementor-inner-column elementor-element elementor-element-f714e52\" data-id=\"f714e52\" data-element_type=\"column\" data-e-type=\"column\">\n\t\t\t<div class=\"elementor-widget-wrap elementor-element-populated\">\n\t\t\t\t\t\t<div class=\"elementor-element elementor-element-f97dd4f elementor-widget__width-initial elementor-widget elementor-widget-heading\" data-id=\"f97dd4f\" data-element_type=\"widget\" data-e-type=\"widget\" data-widget_type=\"heading.default\">\n\t\t\t\t<div class=\"elementor-widget-container\">\n\t\t\t\t\t<h2 class=\"elementor-heading-title elementor-size-default\">TU PELO PUEDE VOLVER A BRILLAR<\/h2>\t\t\t\t<\/div>\n\t\t\t\t<\/div>\n\t\t\t\t<div class=\"elementor-element elementor-element-d17a803 elementor-widget elementor-widget-text-editor\" data-id=\"d17a803\" data-element_type=\"widget\" data-e-type=\"widget\" data-widget_type=\"text-editor.default\">\n\t\t\t\t<div class=\"elementor-widget-container\">\n\t\t\t\t\t\t\t\t\t<p><span style=\"font-weight: 400;\">La ca\u00edda del cabello puede parecer una batalla dif\u00edcil, pero no est\u00e1s sola. Con peque\u00f1os gestos diarios y<strong> productos adaptados a tus necesidades<\/strong> reales, puedes frenar la ca\u00edda y recuperar una melena m\u00e1s fuerte, brillante y saludable.<\/span><\/p>\n<p><span style=\"font-weight: 400;\"><strong>Cuida tu cabello desde la ra\u00edz<\/strong>, con ciencia, consciencia y estilo.<\/span><\/p>\n<p><span style=\"font-weight: 400;\">Te pueden interesar: <a href=\"https:\/\/kisuihair.com\/ki-sui\/airy-shine-mask\/\">Mascarilla Airy &amp; Shine<\/a> y el<a href=\"https:\/\/kisuihair.com\/ki-sui\/shampoo-purifying-reset\/\"> champ\u00fa Purifyng Reset<\/a>\u00a0\u00a0<\/span><\/p>\n\t\t\t\t\t\t\t\t<\/div>\n\t\t\t\t<\/div>\n\t\t\t\t<div class=\"elementor-element elementor-element-078a6e1 elementor-align-left elementor-widget elementor-widget-button\" data-id=\"078a6e1\" data-element_type=\"widget\" data-e-type=\"widget\" data-widget_type=\"button.default\">\n\t\t\t\t<div class=\"elementor-widget-container\">\n\t\t\t\t\t\t\t\t\t<div class=\"elementor-button-wrapper\">\n\t\t\t\t\t<a class=\"elementor-button elementor-button-link elementor-size-sm\" href=\"https:\/\/kisuihair.com\/es\/\">\n\t\t\t\t\t\t<span class=\"elementor-button-content-wrapper\">\n\t\t\t\t\t\t\t\t\t<span class=\"elementor-button-text\">EXPLORA KI.SUI<\/span>\n\t\t\t\t\t<\/span>\n\t\t\t\t\t<\/a>\n\t\t\t\t<\/div>\n\t\t\t\t\t\t\t\t<\/div>\n\t\t\t\t<\/div>\n\t\t\t\t\t<\/div>\n\t\t<\/div>\n\t\t\t\t\t<\/div>\n\t\t<\/section>\n\t\t\t\t\t<\/div>\n\t\t<\/div>\n\t\t\t\t\t<\/div>\n\t\t<\/section>\n\t\t\t\t<\/div>\n\t\t","protected":false},"excerpt":{"rendered":"<p>CA\u00cdDA DEL CABELLO: CAUSAS M\u00c1S COMUNES Y SOLUCIONES REALES QUE FUNCIONAN No es una \u00e9poca f\u00e1cil para tu pelo. A\u00fan se est\u00e1 recuperando del \u2018maltrato\u2019 al que lo has sometido en verano (tanto cloro, salitre y sol es un premio para ti, pero un castigo para \u00e9l) y ahora llega el oto\u00f1o y la ca\u00edda [&hellip;]<\/p>\n","protected":false},"author":1,"featured_media":11303,"comment_status":"open","ping_status":"open","sticky":false,"template":"elementor_header_footer","format":"standard","meta":{"_acf_changed":false,"footnotes":""},"categories":[170,169],"tags":[],"class_list":["post-5758","post","type-post","status-publish","format-standard","has-post-thumbnail","hentry","category-blog-general-es","category-recent-news-particulares"],"acf":[],"_links":{"self":[{"href":"https:\/\/kisuihair.com\/es\/wp-json\/wp\/v2\/posts\/5758","targetHints":{"allow":["GET"]}}],"collection":[{"href":"https:\/\/kisuihair.com\/es\/wp-json\/wp\/v2\/posts"}],"about":[{"href":"https:\/\/kisuihair.com\/es\/wp-json\/wp\/v2\/types\/post"}],"author":[{"embeddable":true,"href":"https:\/\/kisuihair.com\/es\/wp-json\/wp\/v2\/users\/1"}],"replies":[{"embeddable":true,"href":"https:\/\/kisuihair.com\/es\/wp-json\/wp\/v2\/comments?post=5758"}],"version-history":[{"count":35,"href":"https:\/\/kisuihair.com\/es\/wp-json\/wp\/v2\/posts\/5758\/revisions"}],"predecessor-version":[{"id":11561,"href":"https:\/\/kisuihair.com\/es\/wp-json\/wp\/v2\/posts\/5758\/revisions\/11561"}],"wp:featuredmedia":[{"embeddable":true,"href":"https:\/\/kisuihair.com\/es\/wp-json\/wp\/v2\/media\/11303"}],"wp:attachment":[{"href":"https:\/\/kisuihair.com\/es\/wp-json\/wp\/v2\/media?parent=5758"}],"wp:term":[{"taxonomy":"category","embeddable":true,"href":"https:\/\/kisuihair.com\/es\/wp-json\/wp\/v2\/categories?post=5758"},{"taxonomy":"post_tag","embeddable":true,"href":"https:\/\/kisuihair.com\/es\/wp-json\/wp\/v2\/tags?post=5758"}],"curies":[{"name":"wp","href":"https:\/\/api.w.org\/{rel}","templated":true}]}}